{"id":4621,"date":"2026-03-11T10:46:36","date_gmt":"2026-03-11T10:46:36","guid":{"rendered":"https:\/\/vanhustuki.fi\/?p=4621"},"modified":"2026-03-11T12:08:40","modified_gmt":"2026-03-11T12:08:40","slug":"jasen-tervetuloa-yhdistyksen-kevatkokoukseen","status":"publish","type":"post","link":"https:\/\/vanhustuki.fi\/index.php\/2026\/03\/11\/jasen-tervetuloa-yhdistyksen-kevatkokoukseen\/","title":{"rendered":"J\u00e4sen, tervetuloa yhdistyksen kev\u00e4tkokoukseen"},"content":{"rendered":"\t\t<div data-elementor-type=\"wp-post\" data-elementor-id=\"4621\" class=\"elementor elementor-4621\">\n\t\t\t\t<div class=\"elementor-element elementor-element-631731d e-flex e-con-boxed e-con e-parent\" data-id=\"631731d\" data-element_type=\"container\" data-e-type=\"container\">\n\t\t\t\t\t<div class=\"e-con-inner\">\n\t\t<div class=\"elementor-element elementor-element-5058da0 e-con-full e-flex e-con e-child\" data-id=\"5058da0\" data-element_type=\"container\" data-e-type=\"container\">\n\t\t\t\t<div class=\"elementor-element elementor-element-96e685e elementor-widget elementor-widget-text-editor\" data-id=\"96e685e\" data-element_type=\"widget\" data-e-type=\"widget\" data-widget_type=\"text-editor.default\">\n\t\t\t\t\t\t\t\t\t<p class=\"cvGsUA direction-ltr align-center para-style-body\"><span class=\"a_GcMg font-feature-liga-off font-feature-clig-off font-feature-calt-off text-decoration-none text-strikethrough-none\">Tervetuloa yhdistyksen s\u00e4\u00e4nt\u00f6m\u00e4\u00e4r\u00e4iseen <\/span><span class=\"a_GcMg font-feature-liga-off font-feature-clig-off font-feature-calt-off text-decoration-none text-strikethrough-none\">kev\u00e4tkokoukseen&nbsp;<\/span><\/p>\n<p class=\"cvGsUA direction-ltr align-center para-style-body\"><span class=\"a_GcMg font-feature-liga-off font-feature-clig-off font-feature-calt-off text-decoration-none text-strikethrough-none\"><b>maanantaina 20.4.2026<\/b><\/span><span class=\"a_GcMg font-feature-liga-off font-feature-clig-off font-feature-calt-off text-decoration-none text-strikethrough-none\"><b> alkaen klo 15<\/b> yhdistyksen toimistolle os. L\u00e4ntinen Pitk\u00e4katu 33, Turku.<\/span><\/p>\n<p class=\"cvGsUA direction-ltr align-center para-style-body\"><span class=\"a_GcMg font-feature-liga-off font-feature-clig-off font-feature-calt-off text-decoration-none text-strikethrough-none\">Kokoukseen on mahdollista osallistua my\u00f6s et\u00e4yhteydell\u00e4.&nbsp;<\/span><span class=\"a_GcMg font-feature-liga-off font-feature-clig-off font-feature-calt-off text-decoration-none text-strikethrough-none\" style=\"letter-spacing: 0px;\">Ilmoittautuminen:<\/span><span class=\"a_GcMg font-feature-liga-off font-feature-clig-off font-feature-calt-off text-decoration-none text-strikethrough-none\" style=\"letter-spacing: 0px;\"> 13.4.2026 menness\u00e4 toimistolle&nbsp;<\/span><\/p>\n<p class=\"cvGsUA direction-ltr align-center para-style-body\"><span class=\"a_GcMg font-feature-liga-off font-feature-clig-off font-feature-calt-off text-decoration-none text-strikethrough-none\" style=\"letter-spacing: 0px;\">p. 044 536 7741\/info@vanhustuki.fi<\/span><span style=\"letter-spacing: 0px;\">&nbsp;<\/span><\/p>\n<p class=\"cvGsUA direction-ltr align-center para-style-body\"><span class=\"a_GcMg font-feature-liga-off font-feature-clig-off font-feature-calt-off text-decoration-none text-strikethrough-none\">Kokouksen j\u00e4lkeen keskustelemme s\u00e4hk\u00f6isen viranomaispostilaatikon k\u00e4ytt\u00f6\u00f6notosta kahvin \u00e4\u00e4rell\u00e4. Mik\u00e4li haluat tuoda jonkin asian esille kokouksessa, pyyd\u00e4mme sen kirjallisena 13.4.2026 menness\u00e4 osoitteeseen sonja.vainikka@vanhustuki.fi&nbsp;<\/span><span style=\"letter-spacing: 0px;\">tai postitse yhdistyksen toimistolle. Otathan j\u00e4senkorttisi mukaan.<\/span><\/p>\n<p class=\"cvGsUA direction-ltr align-center para-style-body\" style=\"color: rgba(0,0,0,var(--o42jjq,1)); caret-color: #000000; --8sd0kg: none; font-family: YAFcfhdOoGk_0, _fb_, auto; --cyv3zq: 16px; --gjplxq: 1.2; --s8nbea: p; line-height: 19px;\">\n<\/p>\t\t\t\t\t\t\t\t<\/div>\n\t\t\t\t<\/div>\n\t\t<div class=\"elementor-element elementor-element-4b5f1d4 e-con-full elementor-hidden-tablet e-flex e-con e-child\" data-id=\"4b5f1d4\" data-element_type=\"container\" data-e-type=\"container\">\n\t\t\t\t<div class=\"elementor-element elementor-element-5d2ac77 elementor-widget elementor-widget-image\" data-id=\"5d2ac77\" data-element_type=\"widget\" data-e-type=\"widget\" data-widget_type=\"image.default\">\n\t\t\t\t\t\t\t\t\t\t\t\t\t\t\t<img fetchpriority=\"high\" decoding=\"async\" width=\"768\" height=\"1024\" src=\"https:\/\/i0.wp.com\/vanhustuki.fi\/wp-content\/uploads\/2026\/03\/612da7b7-41fd-472a-8ecd-0ba13225b790.jpg?fit=768%2C1024&amp;ssl=1\" class=\"attachment-large size-large wp-image-4623\" alt=\"\" srcset=\"https:\/\/i0.wp.com\/vanhustuki.fi\/wp-content\/uploads\/2026\/03\/612da7b7-41fd-472a-8ecd-0ba13225b790.jpg?w=1200&amp;ssl=1 1200w, https:\/\/i0.wp.com\/vanhustuki.fi\/wp-content\/uploads\/2026\/03\/612da7b7-41fd-472a-8ecd-0ba13225b790.jpg?resize=225%2C300&amp;ssl=1 225w, https:\/\/i0.wp.com\/vanhustuki.fi\/wp-content\/uploads\/2026\/03\/612da7b7-41fd-472a-8ecd-0ba13225b790.jpg?resize=768%2C1024&amp;ssl=1 768w, https:\/\/i0.wp.com\/vanhustuki.fi\/wp-content\/uploads\/2026\/03\/612da7b7-41fd-472a-8ecd-0ba13225b790.jpg?resize=1152%2C1536&amp;ssl=1 1152w\" sizes=\"(max-width: 768px) 100vw, 768px\" \/>\t\t\t\t\t\t\t\t\t\t\t\t\t\t\t<\/div>\n\t\t\t\t<\/div>\n\t\t\t\t\t<\/div>\n\t\t\t\t<\/div>\n\t\t<div class=\"elementor-element elementor-element-34fac5c e-flex e-con-boxed e-con e-parent\" data-id=\"34fac5c\" data-element_type=\"container\" data-e-type=\"container\">\n\t\t\t\t\t<div class=\"e-con-inner\">\n\t\t\t\t<div class=\"elementor-element elementor-element-eae7456 elementor-widget__width-initial elementor-widget elementor-widget-text-editor\" data-id=\"eae7456\" data-element_type=\"widget\" data-e-type=\"widget\" data-widget_type=\"text-editor.default\">\n\t\t\t\t\t\t\t\t\t<p><b>KOKOUKSEN ESITYSLISTA<\/b><\/p><ol><li class=\"cvGsUA direction-ltr align-start para-style-body\"><span class=\"a_GcMg font-feature-liga-off font-feature-clig-off font-feature-calt-off text-decoration-none text-strikethrough-none\">Kokouksen avaus<\/span><\/li><li class=\"cvGsUA direction-ltr align-start para-style-body\"><span class=\"a_GcMg font-feature-liga-off font-feature-clig-off font-feature-calt-off text-decoration-none text-strikethrough-none\">Kokouksen j\u00e4rjest\u00e4ytyminen<\/span><\/li><li class=\"cvGsUA direction-ltr align-start para-style-body\"><span class=\"a_GcMg font-feature-liga-off font-feature-clig-off font-feature-calt-off text-decoration-none text-strikethrough-none\">Kokouksen laillisuuden ja p\u00e4\u00e4t\u00f6svaltaisuuden toteaminen<\/span><\/li><li class=\"cvGsUA direction-ltr align-start para-style-body\"><span class=\"a_GcMg font-feature-liga-off font-feature-clig-off font-feature-calt-off text-decoration-none text-strikethrough-none\">Esityslistan hyv\u00e4ksyminen<\/span><\/li><li class=\"cvGsUA direction-ltr align-start para-style-body\"><span class=\"a_GcMg font-feature-liga-off font-feature-clig-off font-feature-calt-off text-decoration-none text-strikethrough-none\">Yhdistyksen vuoden 2025 toimintakertomuksen hyv\u00e4ksyminen<\/span><\/li><li class=\"cvGsUA direction-ltr align-start para-style-body\"><span class=\"a_GcMg font-feature-liga-off font-feature-clig-off font-feature-calt-off text-decoration-none text-strikethrough-none\">Yhdistyksen vuoden 2025 tilinp\u00e4\u00e4t\u00f6ksen hyv\u00e4ksyminen<\/span><\/li><li class=\"cvGsUA direction-ltr align-start para-style-body\"><span class=\"a_GcMg font-feature-liga-off font-feature-clig-off font-feature-calt-off text-decoration-none text-strikethrough-none\">Tili- ja vastuuvapauden my\u00f6nt\u00e4minen vastuuvelvollisille<\/span><\/li><li class=\"cvGsUA direction-ltr align-start para-style-body\"><span class=\"a_GcMg font-feature-liga-off font-feature-clig-off font-feature-calt-off text-decoration-none text-strikethrough-none\">Muut esille tulevat asiat<\/span><\/li><li class=\"cvGsUA direction-ltr align-start para-style-body\"><span class=\"a_GcMg font-feature-liga-off font-feature-clig-off font-feature-calt-off text-decoration-none text-strikethrough-none\">Kokouksen p\u00e4\u00e4tt\u00e4minen<\/span><\/li><\/ol><div><br \/>\u00a0 \u00a0 \u00a0 Tervetuloa!<\/div>\t\t\t\t\t\t\t\t<\/div>\n\t\t\t\t\t<\/div>\n\t\t\t\t<\/div>\n\t\t<div class=\"elementor-element elementor-element-8b8f3b4 e-flex e-con-boxed e-con e-parent\" data-id=\"8b8f3b4\" data-element_type=\"container\" data-e-type=\"container\">\n\t\t\t\t\t<div class=\"e-con-inner\">\n\t\t\t\t<div class=\"elementor-element elementor-element-73b0ae1 elementor-widget elementor-widget-html\" data-id=\"73b0ae1\" data-element_type=\"widget\" data-e-type=\"widget\" data-widget_type=\"html.default\">\n\t\t\t\t\t<!-- Font Awesome -->\r\n<link rel=\"stylesheet\" href=\"https:\/\/cdnjs.cloudflare.com\/ajax\/libs\/font-awesome\/6.5.1\/css\/all.min.css\">\r\n\r\n<style>\r\n\/* =========================\r\n   FOOTER WRAPPER\r\n========================= *\/\r\n.footer-wrapper {\r\n  font-family: 'Poppins', sans-serif;\r\n  background-color: #697B6A;\r\n  color: #ffffff;\r\n  padding: 60px 40px;\r\n\r\n  \/* T\u00e4ysleve\u00e4 teemasta riippumatta *\/\r\n  width: 100vw;\r\n  margin-left: calc(-50vw + 50%);\r\n}\r\n\r\n\/* =========================\r\n   LAYOUT\r\n========================= *\/\r\n.footer-columns {\r\n  display: flex;\r\n  gap: 40px;\r\n  max-width: 1200px;\r\n  margin: 0 auto;\r\n}\r\n\r\n.footer-column {\r\n  flex: 1;\r\n  font-size: 14px;\r\n  line-height: 1.6;\r\n}\r\n\r\n.footer-column h4 {\r\n  font-size: 16px;\r\n  margin-bottom: 15px;\r\n  font-weight: 600;\r\n  color: #ffffff;\r\n}\r\n\r\n\/* =========================\r\n   LINKIT \u2013 PAKOTETTU VALKOINEN\r\n========================= *\/\r\n.footer-wrapper a,\r\n.footer-wrapper a:visited,\r\n.footer-wrapper a:hover,\r\n.footer-wrapper a:focus,\r\n.footer-wrapper a:active {\r\n  color: #ffffff !important;\r\n  text-decoration: none !important;\r\n  position: relative;\r\n}\r\n\r\n\/* Hover-alaviiva *\/\r\n.footer-wrapper a::after {\r\n  content: \"\";\r\n  position: absolute;\r\n  left: 0;\r\n  bottom: -3px;\r\n  width: 0;\r\n  height: 1px;\r\n  background-color: #ffffff;\r\n  transition: width 0.3s ease;\r\n}\r\n\r\n.footer-wrapper a:hover::after {\r\n  width: 100%;\r\n}\r\n\r\n\/* =========================\r\n   SOME-IKONIT\r\n========================= *\/\r\n.footer-social {\r\n  margin-top: 20px;\r\n}\r\n\r\n.footer-social a {\r\n  display: inline-flex;\r\n  align-items: center;\r\n  justify-content: center;\r\n  width: 36px;\r\n  height: 36px;\r\n  margin-right: 10px;\r\n  border: 1px solid #ffffff;\r\n  border-radius: 50%;\r\n  font-size: 16px;\r\n  transition: background-color 0.3s ease, color 0.3s ease;\r\n}\r\n\r\n\/* Ei alaviivaa ikoneille *\/\r\n.footer-social a::after {\r\n  display: none;\r\n}\r\n\r\n.footer-social a:hover {\r\n  background-color: #ffffff;\r\n  color: #1e1e1e !important;\r\n}\r\n\r\n\/* =========================\r\n   NAVIGAATIO\r\n========================= *\/\r\n.footer-nav ul {\r\n  list-style: none;\r\n  padding: 0;\r\n  margin: 0;\r\n}\r\n\r\n.footer-nav li {\r\n  margin-bottom: 8px;\r\n}\r\n\r\n\/* =========================\r\n   MAPS\r\n========================= *\/\r\n.footer-map iframe {\r\n  width: 100%;\r\n  height: 250px;\r\n  border: 0;\r\n}\r\n\r\n\/* =========================\r\n   MOBIILI\r\n========================= *\/\r\n@media (max-width: 768px) {\r\n  .footer-columns {\r\n    flex-direction: column;\r\n  }\r\n}\r\n<\/style>\r\n\r\n<div class=\"footer-wrapper\">\r\n  <div class=\"footer-columns\">\r\n\r\n    <!-- VASEN -->\r\n    <div class=\"footer-column\">\r\n      <h4>Turun Seudun Vanhustuki ry<\/h4>\r\n      Lounatuulet Yhteis\u00f6talo, katutaso<br>\r\n      L\u00e4ntinen Pitk\u00e4katu 33<br>\r\n      20100 Turku<br><br>\r\n\r\n      Puhelin: <a href=\"tel:0445367741\">044 536 7741<\/a><br><br>\r\n\r\n      <strong>Toimisto avoinna<\/strong><br>\r\n      maanantaisin, tiistaisin ja torstaisin klo 10\u201314<br>\r\n      keskiviikkoisin klo 12\u201315<br><br>\r\n\r\n      Bussit 43, 3 ja 20\r\n\r\n      <div class=\"footer-social\">\r\n        <a href=\"https:\/\/www.facebook.com\/profile.php?id=100064700707347&locale=fi_FI\" target=\"_blank\" aria-label=\"Facebook\">\r\n          <i class=\"fab fa-facebook-f\"><\/i>\r\n        <\/a>\r\n        <a href=\"https:\/\/www.instagram.com\/turunseudunvanhustuki\/\" target=\"_blank\" aria-label=\"Instagram\">\r\n          <i class=\"fab fa-instagram\"><\/i>\r\n        <\/a>\r\n      <\/div>\r\n    <\/div>\r\n\r\n<!-- KESKI -->\r\n<div class=\"footer-column footer-nav\">\r\n  <h4>Valikko<\/h4>\r\n  <ul>\r\n    <li><a href=\"https:\/\/vanhustuki.fi\/\">Etusivu<\/a><\/li>\r\n    <li><a href=\"https:\/\/vanhustuki.fi\/index.php\/turun-seudun-vanhustuki-ry\/\">Meist\u00e4<\/a><\/li>\r\n    <li><a href=\"https:\/\/vanhustuki.fi\/index.php\/vapaaehtoistoiminta\/\">Vapaaehtoistoiminta<\/a><\/li>\r\n    <li><a href=\"https:\/\/vanhustuki.fi\/index.php\/yhteystiedot\/\">Yhteystiedot<\/a><\/li>\r\n  <\/ul>\r\n<\/div>\r\n\r\n    <!-- OIKEA -->\r\n    <div class=\"footer-column footer-map\">\r\n      <h4>Sijainti<\/h4>\r\n      <iframe\r\n        src=\"https:\/\/www.google.com\/maps?q=L%C3%A4ntinen+Pitk%C3%A4katu+33,+Turku&output=embed\"\r\n        loading=\"lazy\"\r\n        referrerpolicy=\"no-referrer-when-downgrade\">\r\n      <\/iframe>\r\n    <\/div>\r\n\r\n  <\/div>\r\n<\/div>\r\n\t\t\t\t<\/div>\n\t\t\t\t\t<\/div>\n\t\t\t\t<\/div>\n\t\t\t\t<\/div>\n\t\t","protected":false},"excerpt":{"rendered":"<p>Tervetuloa yhdistyksen s\u00e4\u00e4nt\u00f6m\u00e4\u00e4r\u00e4iseen kev\u00e4tkokoukseen maanantaina 20.4.2026 alkaen klo 15 yhdistyksen toimistolle os. L\u00e4ntinen Pitk\u00e4katu 33, Turku. Kokoukseen on mahdollista osallistua my\u00f6s et\u00e4yhteydell\u00e4.\u00a0Ilmoittautuminen: 13.4.2026 menness\u00e4 toimistolle p. 044 536 7741\/info@vanhustuki.fi Kokouksen [&hellip;]<\/p>\n","protected":false},"author":2,"featured_media":4623,"comment_status":"closed","ping_status":"open","sticky":false,"template":"elementor_theme","format":"standard","meta":{"_jetpack_memberships_contains_paid_content":false,"footnotes":""},"categories":[1],"tags":[],"class_list":["post-4621","post","type-post","status-publish","format-standard","has-post-thumbnail","hentry","category-uncategorized"],"yoast_head":"<!-- This site is optimized with the Yoast SEO plugin v27.5 - https:\/\/yoast.com\/product\/yoast-seo-wordpress\/ -->\n<title>Yhdistyksen kev\u00e4tkokous<\/title>\n<meta name=\"description\" content=\"J\u00e4sen, tervetuloa yhdistyksen kev\u00e4tkokoukseen 20.4.2026 klo 15:00 - 17:00.\" \/>\n<meta name=\"robots\" content=\"index, follow, max-snippet:-1, max-image-preview:large, max-video-preview:-1\" \/>\n<link rel=\"canonical\" href=\"https:\/\/vanhustuki.fi\/index.php\/2026\/03\/11\/jasen-tervetuloa-yhdistyksen-kevatkokoukseen\/\" \/>\n<meta property=\"og:locale\" content=\"fi_FI\" \/>\n<meta property=\"og:type\" content=\"article\" \/>\n<meta property=\"og:title\" content=\"Yhdistyksen kev\u00e4tkokous\" \/>\n<meta property=\"og:description\" content=\"J\u00e4sen, tervetuloa yhdistyksen kev\u00e4tkokoukseen 20.4.2026 klo 15:00 - 17:00.\" \/>\n<meta property=\"og:url\" content=\"https:\/\/vanhustuki.fi\/index.php\/2026\/03\/11\/jasen-tervetuloa-yhdistyksen-kevatkokoukseen\/\" \/>\n<meta property=\"og:site_name\" content=\"Turun Seudun Vanhustuki ry\" \/>\n<meta property=\"article:published_time\" content=\"2026-03-11T10:46:36+00:00\" \/>\n<meta property=\"article:modified_time\" content=\"2026-03-11T12:08:40+00:00\" \/>\n<meta property=\"og:image\" content=\"https:\/\/vanhustuki.fi\/wp-content\/uploads\/2026\/03\/612da7b7-41fd-472a-8ecd-0ba13225b790.jpg\" \/>\n\t<meta property=\"og:image:width\" content=\"1200\" \/>\n\t<meta property=\"og:image:height\" content=\"1600\" \/>\n\t<meta property=\"og:image:type\" content=\"image\/jpeg\" \/>\n<meta name=\"author\" content=\"irene.virtanen@vanhustuki.fi\" \/>\n<meta name=\"twitter:card\" content=\"summary_large_image\" \/>\n<meta name=\"twitter:label1\" content=\"Kirjoittanut\" \/>\n\t<meta name=\"twitter:data1\" content=\"irene.virtanen@vanhustuki.fi\" \/>\n\t<meta name=\"twitter:label2\" content=\"Arvioitu lukuaika\" \/>\n\t<meta name=\"twitter:data2\" content=\"2 minuuttia\" \/>\n<script type=\"application\/ld+json\" class=\"yoast-schema-graph\">{\"@context\":\"https:\\\/\\\/schema.org\",\"@graph\":[{\"@type\":\"Article\",\"@id\":\"https:\\\/\\\/vanhustuki.fi\\\/index.php\\\/2026\\\/03\\\/11\\\/jasen-tervetuloa-yhdistyksen-kevatkokoukseen\\\/#article\",\"isPartOf\":{\"@id\":\"https:\\\/\\\/vanhustuki.fi\\\/index.php\\\/2026\\\/03\\\/11\\\/jasen-tervetuloa-yhdistyksen-kevatkokoukseen\\\/\"},\"author\":{\"name\":\"irene.virtanen@vanhustuki.fi\",\"@id\":\"https:\\\/\\\/vanhustuki.fi\\\/#\\\/schema\\\/person\\\/94bfcbf8d7739386ecb1ee528025fbe2\"},\"headline\":\"J\u00e4sen, tervetuloa yhdistyksen kev\u00e4tkokoukseen\",\"datePublished\":\"2026-03-11T10:46:36+00:00\",\"dateModified\":\"2026-03-11T12:08:40+00:00\",\"mainEntityOfPage\":{\"@id\":\"https:\\\/\\\/vanhustuki.fi\\\/index.php\\\/2026\\\/03\\\/11\\\/jasen-tervetuloa-yhdistyksen-kevatkokoukseen\\\/\"},\"wordCount\":157,\"publisher\":{\"@id\":\"https:\\\/\\\/vanhustuki.fi\\\/#organization\"},\"image\":{\"@id\":\"https:\\\/\\\/vanhustuki.fi\\\/index.php\\\/2026\\\/03\\\/11\\\/jasen-tervetuloa-yhdistyksen-kevatkokoukseen\\\/#primaryimage\"},\"thumbnailUrl\":\"https:\\\/\\\/i0.wp.com\\\/vanhustuki.fi\\\/wp-content\\\/uploads\\\/2026\\\/03\\\/612da7b7-41fd-472a-8ecd-0ba13225b790.jpg?fit=1200%2C1600&ssl=1\",\"articleSection\":[\"Uncategorized\"],\"inLanguage\":\"fi\"},{\"@type\":\"WebPage\",\"@id\":\"https:\\\/\\\/vanhustuki.fi\\\/index.php\\\/2026\\\/03\\\/11\\\/jasen-tervetuloa-yhdistyksen-kevatkokoukseen\\\/\",\"url\":\"https:\\\/\\\/vanhustuki.fi\\\/index.php\\\/2026\\\/03\\\/11\\\/jasen-tervetuloa-yhdistyksen-kevatkokoukseen\\\/\",\"name\":\"Yhdistyksen kev\u00e4tkokous\",\"isPartOf\":{\"@id\":\"https:\\\/\\\/vanhustuki.fi\\\/#website\"},\"primaryImageOfPage\":{\"@id\":\"https:\\\/\\\/vanhustuki.fi\\\/index.php\\\/2026\\\/03\\\/11\\\/jasen-tervetuloa-yhdistyksen-kevatkokoukseen\\\/#primaryimage\"},\"image\":{\"@id\":\"https:\\\/\\\/vanhustuki.fi\\\/index.php\\\/2026\\\/03\\\/11\\\/jasen-tervetuloa-yhdistyksen-kevatkokoukseen\\\/#primaryimage\"},\"thumbnailUrl\":\"https:\\\/\\\/i0.wp.com\\\/vanhustuki.fi\\\/wp-content\\\/uploads\\\/2026\\\/03\\\/612da7b7-41fd-472a-8ecd-0ba13225b790.jpg?fit=1200%2C1600&ssl=1\",\"datePublished\":\"2026-03-11T10:46:36+00:00\",\"dateModified\":\"2026-03-11T12:08:40+00:00\",\"description\":\"J\u00e4sen, tervetuloa yhdistyksen kev\u00e4tkokoukseen 20.4.2026 klo 15:00 - 17:00.\",\"breadcrumb\":{\"@id\":\"https:\\\/\\\/vanhustuki.fi\\\/index.php\\\/2026\\\/03\\\/11\\\/jasen-tervetuloa-yhdistyksen-kevatkokoukseen\\\/#breadcrumb\"},\"inLanguage\":\"fi\",\"potentialAction\":[{\"@type\":\"ReadAction\",\"target\":[\"https:\\\/\\\/vanhustuki.fi\\\/index.php\\\/2026\\\/03\\\/11\\\/jasen-tervetuloa-yhdistyksen-kevatkokoukseen\\\/\"]}]},{\"@type\":\"ImageObject\",\"inLanguage\":\"fi\",\"@id\":\"https:\\\/\\\/vanhustuki.fi\\\/index.php\\\/2026\\\/03\\\/11\\\/jasen-tervetuloa-yhdistyksen-kevatkokoukseen\\\/#primaryimage\",\"url\":\"https:\\\/\\\/i0.wp.com\\\/vanhustuki.fi\\\/wp-content\\\/uploads\\\/2026\\\/03\\\/612da7b7-41fd-472a-8ecd-0ba13225b790.jpg?fit=1200%2C1600&ssl=1\",\"contentUrl\":\"https:\\\/\\\/i0.wp.com\\\/vanhustuki.fi\\\/wp-content\\\/uploads\\\/2026\\\/03\\\/612da7b7-41fd-472a-8ecd-0ba13225b790.jpg?fit=1200%2C1600&ssl=1\",\"width\":1200,\"height\":1600},{\"@type\":\"BreadcrumbList\",\"@id\":\"https:\\\/\\\/vanhustuki.fi\\\/index.php\\\/2026\\\/03\\\/11\\\/jasen-tervetuloa-yhdistyksen-kevatkokoukseen\\\/#breadcrumb\",\"itemListElement\":[{\"@type\":\"ListItem\",\"position\":1,\"name\":\"Etusivu\",\"item\":\"https:\\\/\\\/vanhustuki.fi\\\/\"},{\"@type\":\"ListItem\",\"position\":2,\"name\":\"J\u00e4sen, tervetuloa yhdistyksen kev\u00e4tkokoukseen\"}]},{\"@type\":\"WebSite\",\"@id\":\"https:\\\/\\\/vanhustuki.fi\\\/#website\",\"url\":\"https:\\\/\\\/vanhustuki.fi\\\/\",\"name\":\"Turun Seudun Vanhustuki ry\",\"description\":\"\",\"publisher\":{\"@id\":\"https:\\\/\\\/vanhustuki.fi\\\/#organization\"},\"potentialAction\":[{\"@type\":\"SearchAction\",\"target\":{\"@type\":\"EntryPoint\",\"urlTemplate\":\"https:\\\/\\\/vanhustuki.fi\\\/?s={search_term_string}\"},\"query-input\":{\"@type\":\"PropertyValueSpecification\",\"valueRequired\":true,\"valueName\":\"search_term_string\"}}],\"inLanguage\":\"fi\"},{\"@type\":\"Organization\",\"@id\":\"https:\\\/\\\/vanhustuki.fi\\\/#organization\",\"name\":\"Turun Seudun Vanhustuki ry\",\"url\":\"https:\\\/\\\/vanhustuki.fi\\\/\",\"logo\":{\"@type\":\"ImageObject\",\"inLanguage\":\"fi\",\"@id\":\"https:\\\/\\\/vanhustuki.fi\\\/#\\\/schema\\\/logo\\\/image\\\/\",\"url\":\"https:\\\/\\\/i0.wp.com\\\/vanhustuki.fi\\\/wp-content\\\/uploads\\\/2025\\\/11\\\/logo-lapinakyva-tausta-scaled.png?fit=2543%2C2560&ssl=1\",\"contentUrl\":\"https:\\\/\\\/i0.wp.com\\\/vanhustuki.fi\\\/wp-content\\\/uploads\\\/2025\\\/11\\\/logo-lapinakyva-tausta-scaled.png?fit=2543%2C2560&ssl=1\",\"width\":2543,\"height\":2560,\"caption\":\"Turun Seudun Vanhustuki ry\"},\"image\":{\"@id\":\"https:\\\/\\\/vanhustuki.fi\\\/#\\\/schema\\\/logo\\\/image\\\/\"}},{\"@type\":\"Person\",\"@id\":\"https:\\\/\\\/vanhustuki.fi\\\/#\\\/schema\\\/person\\\/94bfcbf8d7739386ecb1ee528025fbe2\",\"name\":\"irene.virtanen@vanhustuki.fi\",\"url\":\"https:\\\/\\\/vanhustuki.fi\\\/index.php\\\/author\\\/irene-virtanenvanhustuki-fi\\\/\"}]}<\/script>\n<!-- \/ Yoast SEO plugin. -->","yoast_head_json":{"title":"Yhdistyksen kev\u00e4tkokous","description":"J\u00e4sen, tervetuloa yhdistyksen kev\u00e4tkokoukseen 20.4.2026 klo 15:00 - 17:00.","robots":{"index":"index","follow":"follow","max-snippet":"max-snippet:-1","max-image-preview":"max-image-preview:large","max-video-preview":"max-video-preview:-1"},"canonical":"https:\/\/vanhustuki.fi\/index.php\/2026\/03\/11\/jasen-tervetuloa-yhdistyksen-kevatkokoukseen\/","og_locale":"fi_FI","og_type":"article","og_title":"Yhdistyksen kev\u00e4tkokous","og_description":"J\u00e4sen, tervetuloa yhdistyksen kev\u00e4tkokoukseen 20.4.2026 klo 15:00 - 17:00.","og_url":"https:\/\/vanhustuki.fi\/index.php\/2026\/03\/11\/jasen-tervetuloa-yhdistyksen-kevatkokoukseen\/","og_site_name":"Turun Seudun Vanhustuki ry","article_published_time":"2026-03-11T10:46:36+00:00","article_modified_time":"2026-03-11T12:08:40+00:00","og_image":[{"width":1200,"height":1600,"url":"https:\/\/vanhustuki.fi\/wp-content\/uploads\/2026\/03\/612da7b7-41fd-472a-8ecd-0ba13225b790.jpg","type":"image\/jpeg"}],"author":"irene.virtanen@vanhustuki.fi","twitter_card":"summary_large_image","twitter_misc":{"Kirjoittanut":"irene.virtanen@vanhustuki.fi","Arvioitu lukuaika":"2 minuuttia"},"schema":{"@context":"https:\/\/schema.org","@graph":[{"@type":"Article","@id":"https:\/\/vanhustuki.fi\/index.php\/2026\/03\/11\/jasen-tervetuloa-yhdistyksen-kevatkokoukseen\/#article","isPartOf":{"@id":"https:\/\/vanhustuki.fi\/index.php\/2026\/03\/11\/jasen-tervetuloa-yhdistyksen-kevatkokoukseen\/"},"author":{"name":"irene.virtanen@vanhustuki.fi","@id":"https:\/\/vanhustuki.fi\/#\/schema\/person\/94bfcbf8d7739386ecb1ee528025fbe2"},"headline":"J\u00e4sen, tervetuloa yhdistyksen kev\u00e4tkokoukseen","datePublished":"2026-03-11T10:46:36+00:00","dateModified":"2026-03-11T12:08:40+00:00","mainEntityOfPage":{"@id":"https:\/\/vanhustuki.fi\/index.php\/2026\/03\/11\/jasen-tervetuloa-yhdistyksen-kevatkokoukseen\/"},"wordCount":157,"publisher":{"@id":"https:\/\/vanhustuki.fi\/#organization"},"image":{"@id":"https:\/\/vanhustuki.fi\/index.php\/2026\/03\/11\/jasen-tervetuloa-yhdistyksen-kevatkokoukseen\/#primaryimage"},"thumbnailUrl":"https:\/\/i0.wp.com\/vanhustuki.fi\/wp-content\/uploads\/2026\/03\/612da7b7-41fd-472a-8ecd-0ba13225b790.jpg?fit=1200%2C1600&ssl=1","articleSection":["Uncategorized"],"inLanguage":"fi"},{"@type":"WebPage","@id":"https:\/\/vanhustuki.fi\/index.php\/2026\/03\/11\/jasen-tervetuloa-yhdistyksen-kevatkokoukseen\/","url":"https:\/\/vanhustuki.fi\/index.php\/2026\/03\/11\/jasen-tervetuloa-yhdistyksen-kevatkokoukseen\/","name":"Yhdistyksen kev\u00e4tkokous","isPartOf":{"@id":"https:\/\/vanhustuki.fi\/#website"},"primaryImageOfPage":{"@id":"https:\/\/vanhustuki.fi\/index.php\/2026\/03\/11\/jasen-tervetuloa-yhdistyksen-kevatkokoukseen\/#primaryimage"},"image":{"@id":"https:\/\/vanhustuki.fi\/index.php\/2026\/03\/11\/jasen-tervetuloa-yhdistyksen-kevatkokoukseen\/#primaryimage"},"thumbnailUrl":"https:\/\/i0.wp.com\/vanhustuki.fi\/wp-content\/uploads\/2026\/03\/612da7b7-41fd-472a-8ecd-0ba13225b790.jpg?fit=1200%2C1600&ssl=1","datePublished":"2026-03-11T10:46:36+00:00","dateModified":"2026-03-11T12:08:40+00:00","description":"J\u00e4sen, tervetuloa yhdistyksen kev\u00e4tkokoukseen 20.4.2026 klo 15:00 - 17:00.","breadcrumb":{"@id":"https:\/\/vanhustuki.fi\/index.php\/2026\/03\/11\/jasen-tervetuloa-yhdistyksen-kevatkokoukseen\/#breadcrumb"},"inLanguage":"fi","potentialAction":[{"@type":"ReadAction","target":["https:\/\/vanhustuki.fi\/index.php\/2026\/03\/11\/jasen-tervetuloa-yhdistyksen-kevatkokoukseen\/"]}]},{"@type":"ImageObject","inLanguage":"fi","@id":"https:\/\/vanhustuki.fi\/index.php\/2026\/03\/11\/jasen-tervetuloa-yhdistyksen-kevatkokoukseen\/#primaryimage","url":"https:\/\/i0.wp.com\/vanhustuki.fi\/wp-content\/uploads\/2026\/03\/612da7b7-41fd-472a-8ecd-0ba13225b790.jpg?fit=1200%2C1600&ssl=1","contentUrl":"https:\/\/i0.wp.com\/vanhustuki.fi\/wp-content\/uploads\/2026\/03\/612da7b7-41fd-472a-8ecd-0ba13225b790.jpg?fit=1200%2C1600&ssl=1","width":1200,"height":1600},{"@type":"BreadcrumbList","@id":"https:\/\/vanhustuki.fi\/index.php\/2026\/03\/11\/jasen-tervetuloa-yhdistyksen-kevatkokoukseen\/#breadcrumb","itemListElement":[{"@type":"ListItem","position":1,"name":"Etusivu","item":"https:\/\/vanhustuki.fi\/"},{"@type":"ListItem","position":2,"name":"J\u00e4sen, tervetuloa yhdistyksen kev\u00e4tkokoukseen"}]},{"@type":"WebSite","@id":"https:\/\/vanhustuki.fi\/#website","url":"https:\/\/vanhustuki.fi\/","name":"Turun Seudun Vanhustuki ry","description":"","publisher":{"@id":"https:\/\/vanhustuki.fi\/#organization"},"potentialAction":[{"@type":"SearchAction","target":{"@type":"EntryPoint","urlTemplate":"https:\/\/vanhustuki.fi\/?s={search_term_string}"},"query-input":{"@type":"PropertyValueSpecification","valueRequired":true,"valueName":"search_term_string"}}],"inLanguage":"fi"},{"@type":"Organization","@id":"https:\/\/vanhustuki.fi\/#organization","name":"Turun Seudun Vanhustuki ry","url":"https:\/\/vanhustuki.fi\/","logo":{"@type":"ImageObject","inLanguage":"fi","@id":"https:\/\/vanhustuki.fi\/#\/schema\/logo\/image\/","url":"https:\/\/i0.wp.com\/vanhustuki.fi\/wp-content\/uploads\/2025\/11\/logo-lapinakyva-tausta-scaled.png?fit=2543%2C2560&ssl=1","contentUrl":"https:\/\/i0.wp.com\/vanhustuki.fi\/wp-content\/uploads\/2025\/11\/logo-lapinakyva-tausta-scaled.png?fit=2543%2C2560&ssl=1","width":2543,"height":2560,"caption":"Turun Seudun Vanhustuki ry"},"image":{"@id":"https:\/\/vanhustuki.fi\/#\/schema\/logo\/image\/"}},{"@type":"Person","@id":"https:\/\/vanhustuki.fi\/#\/schema\/person\/94bfcbf8d7739386ecb1ee528025fbe2","name":"irene.virtanen@vanhustuki.fi","url":"https:\/\/vanhustuki.fi\/index.php\/author\/irene-virtanenvanhustuki-fi\/"}]}},"jetpack_featured_media_url":"https:\/\/i0.wp.com\/vanhustuki.fi\/wp-content\/uploads\/2026\/03\/612da7b7-41fd-472a-8ecd-0ba13225b790.jpg?fit=1200%2C1600&ssl=1","jetpack_sharing_enabled":true,"_links":{"self":[{"href":"https:\/\/vanhustuki.fi\/index.php\/wp-json\/wp\/v2\/posts\/4621","targetHints":{"allow":["GET"]}}],"collection":[{"href":"https:\/\/vanhustuki.fi\/index.php\/wp-json\/wp\/v2\/posts"}],"about":[{"href":"https:\/\/vanhustuki.fi\/index.php\/wp-json\/wp\/v2\/types\/post"}],"author":[{"embeddable":true,"href":"https:\/\/vanhustuki.fi\/index.php\/wp-json\/wp\/v2\/users\/2"}],"replies":[{"embeddable":true,"href":"https:\/\/vanhustuki.fi\/index.php\/wp-json\/wp\/v2\/comments?post=4621"}],"version-history":[{"count":10,"href":"https:\/\/vanhustuki.fi\/index.php\/wp-json\/wp\/v2\/posts\/4621\/revisions"}],"predecessor-version":[{"id":4633,"href":"https:\/\/vanhustuki.fi\/index.php\/wp-json\/wp\/v2\/posts\/4621\/revisions\/4633"}],"wp:featuredmedia":[{"embeddable":true,"href":"https:\/\/vanhustuki.fi\/index.php\/wp-json\/wp\/v2\/media\/4623"}],"wp:attachment":[{"href":"https:\/\/vanhustuki.fi\/index.php\/wp-json\/wp\/v2\/media?parent=4621"}],"wp:term":[{"taxonomy":"category","embeddable":true,"href":"https:\/\/vanhustuki.fi\/index.php\/wp-json\/wp\/v2\/categories?post=4621"},{"taxonomy":"post_tag","embeddable":true,"href":"https:\/\/vanhustuki.fi\/index.php\/wp-json\/wp\/v2\/tags?post=4621"}],"curies":[{"name":"wp","href":"https:\/\/api.w.org\/{rel}","templated":true}]}}